{"id":11364,"date":"2014-12-10T09:18:19","date_gmt":"2014-12-10T17:18:19","guid":{"rendered":"http:\/\/www.consensus911.org\/?p=11364"},"modified":"2019-08-21T09:51:46","modified_gmt":"2019-08-21T16:51:46","slug":"peticionan-al-gobierno-de-canada-revisar-la-evidencia-del-11-s","status":"publish","type":"post","link":"https:\/\/www.consensus911.org\/es\/peticionan-al-gobierno-de-canada-revisar-la-evidencia-del-11-s\/","title":{"rendered":"Peticionan al gobierno de Canad\u00e1 revisar la evidencia del 11-S"},"content":{"rendered":"<div class=\"c9text-es\">\n<p><a href=\"https:\/\/www.consensus911.org\/es\/miembros-del-panel-de-consenso-911-sp\/#MACQUEEN\"><img loading=\"lazy\" decoding=\"async\" class=\"alignleft size-thumbnail wp-image-10685\" style=\"margin-left: 10px; margin-right: 10px;\" alt=\"Dr. MacQueen and Architect Bill Brinnier, Dec. 10 2014 Press Conference, Parliamentary Press Gallery\" src=\"http:\/\/www.consensus911.org\/wp-content\/uploads\/2014\/12\/Dr.-MacQueen-and-Architect-Bill-Brinnier-Dec.-10-2014-Press-Conference-Parliamentary-Press-Gallery-150x150.jpg\" width=\"150\" height=\"150\" \/><\/a>Como consecuencia de la Conferencia de Prensa Parlamentaria de las tres organizaciones abajo mencionadas (Dic. 10, 2014), la <a href=\"http:\/\/web.archive.org\/web\/20150202000307\/http:\/\/rethink911.ca\/petition-text\/\">Petici\u00f3n por el 11-S<\/a>, que fuera recientemente presentada ante el Parlamento y que exige una profunda revisi\u00f3n del Reporte confeccionado por la Comisi\u00f3n del 11-S, tuvo cobertura nacional en la TV Global:<\/p>\n<p>\u201c<a href=\"http:\/\/globalnews.ca\/video\/1718969\/petition-asks-canadian-government-to-review-911-evidence\">Peticionan al gobierno de Canad\u00e1 revisar la evidencia del 11-S<\/a>\u201d (<a href=\"https:\/\/web.archive.org\/web\/20141217145906\/http:\/\/globalnews.ca\/video\/1718969\/petition-asks-canadian-government-to-review-911-evidence\">archive copy<\/a>; <a href=\"\/wp-content\/uploads\/2019\/08\/ReThink911_Petition_.zip\">backup<\/a>)<\/p>\n<p>La TV Global presenta al Panelista de Consenso del 11-S Dr. Graeme Mac Queen discutiendo los 44 Puntos del Panel de evidencia, confrontando el Reporte elaborado por la Comisi\u00f3n del 11- S.<\/p>\n<table width=\"1122\" border=\"0\">\n<tbody>\n<tr>\n<td style=\"text-align: left;\">PARA URGENTE DESPACHO<\/td>\n<td style=\"text-align: right;\">DICIEMBRE 10, 2014<\/td>\n<\/tr>\n<\/tbody>\n<\/table>\n<p style=\"text-align: center;\" align=\"CENTER\"><span style=\"font-size: large;\"><b>Conferencia de Prensa, Mi\u00e9rcoles 10 de diciembre, 11 AM,<br \/>\nSala Charles Lynch, 130-S, Centro Block Parliament Hill, Ottawa.<\/b><\/span><\/p>\n<p style=\"text-align: center;\" align=\"CENTER\"><span style=\"font-size: large;\"><b>Tres Organizaciones Profesionales Ofrecen Evidencia Basada en los testimonios<br \/>\nComo Ayuda Solidaria a las familias de las v\u00edctimas de los Norteamericanos.<\/b><\/span><\/p>\n<p>Ottawa ON \u2013 El gobierno de Canad\u00e1 tiene ahora una petici\u00f3n reclamando una profunda revisi\u00f3n Parlamentaria de las evidencias forenses en lo que respecta a los eventos del 11 de setiembre de 2001.<\/p>\n<p>El proceso de peticionamiento parlamentario exige al gobierno una respuesta dentro de los 45 d\u00edas calendario de presentada la petici\u00f3n.<\/p>\n<p>La petici\u00f3n recientemente presentada por los ciudadanos a lo largo y lo ancho del Canad\u00e1 est\u00e1 avalada por tres organizaciones de profesionales quienes recabaron informaci\u00f3n de las evidencias del 11-S durante a\u00f1os.<\/p>\n<p><b><a href=\"http:\/\/web.archive.org\/web\/20150502230056\/http:\/\/rethink911.ca\/\">ReThink911.ca<\/a>,<\/b> con base en Otawa, hace hincapi\u00e9 en el rol imperecedero que les corresponde a los miembros de las familias Norteamericanas las que por respeto a las valiosas vidas perdidas y para honra de sus muertos reclaman hacer conocer la verdad por medio de una investigaci\u00f3n independiente sobre el 11-S.<\/p>\n<p><b>Arquitectos e Ingenieros para la Verdad del 11-S (<a href=\"https:\/\/www.ae911truth.org\/\">ae911truth.org<\/a>)<\/b>, Organizaci\u00f3n integrada por 2300 arquitectos e ingenieros que exigen una nueva investigaci\u00f3n basada en la evidencia de demolici\u00f3n controlada. Esta organizaci\u00f3n produjo el detallado documental <b>\u201c<a href=\"https:\/\/www.youtube.com\/watch?v=Ddz2mw2vaEg\">9\/11: Explosive Evidence &#8211; Experts Speak Out<\/a> [<a href=\"https:\/\/www.youtube.com\/watch?v=W_EWn8kBbOY\">9\/11 Evidencia Explosiva &#8211; Hablan Los Expertos<\/a>]\u201d<\/b>, en el cual 40 t\u00e9cnicos y profesionales de la construcci\u00f3n explican sus conclusiones acerca de \u201cla demolici\u00f3n controlada\u201d. Este film se consagr\u00f3 como el video \u201cm\u00e1s visto\u201d a nivel nacional en PBS.org en setiembre de 2012, y se encuentra disponible en <b><a href=\"http:\/\/www.architects-engineers.org\/\">una versi\u00f3n de 15 minutos<\/a><\/b> narrada por el actor Ed. Asner.<\/p>\n<p><b>El Panel de Consenso 9\/11<\/b> (<a href=\"http:\/\/www.consensus911.org\/\"><b>consensus911.org<\/b><\/a>): 24 miembros expertos de la organizaci\u00f3n internacional de tres a\u00f1os de antig\u00fcedad denominada \u201cPanel de Consenso para el 9\/11\u201d han desarrollado 44 Puntos de Consenso sobre \u201cevidencia revisada\u201d confrontando el informe oficial del 11-S. Los panelistas encuestados permanecen a ciegas unos con otros a trav\u00e9s de un riguroso proceso de revisi\u00f3n. Incluye su an\u00e1lisis las sorprendentes actividades de los militares y los l\u00edderes pol\u00edticos ese d\u00eda. El proceso de consenso ha sentado un descr\u00e9dito sin precedentes en relaci\u00f3n a puntos espec\u00edficos de evidencia relacionada al 11-S.<\/p>\n<\/div>\n<p><!-- c9text --><\/p>\n","protected":false},"excerpt":{"rendered":"<p><a href=\"https:\/\/www.consensus911.org\/es\/miembros-del-panel-de-consenso-911-sp\/#MACQUEEN\"><\/a>Como consecuencia de la Conferencia de Prensa Parlamentaria de las tres organizaciones abajo mencionadas (Dic. 10, 2014), la <a href=\"http:\/\/web.archive.org\/web\/20150202000307\/http:\/\/rethink911.ca\/petition-text\/\">Petici\u00f3n por el 11-S<\/a>, que fuera recientemente presentada ante el Parlamento y que exige una profunda revisi\u00f3n del Reporte confeccionado por la Comisi\u00f3n del 11-S, tuvo cobertura nacional en la TV Global:<\/p>\n<p>\u201c<a href=\"http:\/\/globalnews.ca\/video\/1718969\/petition-asks-canadian-government-to-review-911-evidence\">Peticionan al [&#8230;]<\/p>\n","protected":false},"author":108,"featured_media":0,"comment_status":"closed","ping_status":"closed","sticky":false,"template":"","format":"standard","meta":{"_jetpack_memberships_contains_paid_content":false,"footnotes":""},"categories":[52,80],"tags":[],"class_list":["post-11364","post","type-post","status-publish","format-standard","hentry","category-major-announcement-es","category-news-es"],"jetpack_featured_media_url":"","jetpack_sharing_enabled":true,"_links":{"self":[{"href":"https:\/\/www.consensus911.org\/es\/wp-json\/wp\/v2\/posts\/11364","targetHints":{"allow":["GET"]}}],"collection":[{"href":"https:\/\/www.consensus911.org\/es\/wp-json\/wp\/v2\/posts"}],"about":[{"href":"https:\/\/www.consensus911.org\/es\/wp-json\/wp\/v2\/types\/post"}],"author":[{"embeddable":true,"href":"https:\/\/www.consensus911.org\/es\/wp-json\/wp\/v2\/users\/108"}],"replies":[{"embeddable":true,"href":"https:\/\/www.consensus911.org\/es\/wp-json\/wp\/v2\/comments?post=11364"}],"version-history":[{"count":5,"href":"https:\/\/www.consensus911.org\/es\/wp-json\/wp\/v2\/posts\/11364\/revisions"}],"predecessor-version":[{"id":20934,"href":"https:\/\/www.consensus911.org\/es\/wp-json\/wp\/v2\/posts\/11364\/revisions\/20934"}],"wp:attachment":[{"href":"https:\/\/www.consensus911.org\/es\/wp-json\/wp\/v2\/media?parent=11364"}],"wp:term":[{"taxonomy":"category","embeddable":true,"href":"https:\/\/www.consensus911.org\/es\/wp-json\/wp\/v2\/categories?post=11364"},{"taxonomy":"post_tag","embeddable":true,"href":"https:\/\/www.consensus911.org\/es\/wp-json\/wp\/v2\/tags?post=11364"}],"curies":[{"name":"wp","href":"https:\/\/api.w.org\/{rel}","templated":true}]}}